{"id":253,"date":"2023-06-11T22:46:27","date_gmt":"2023-06-12T02:46:27","guid":{"rendered":"https:\/\/catolicos24.com\/?p=253"},"modified":"2023-10-15T21:20:34","modified_gmt":"2023-10-16T01:20:34","slug":"asi-se-celebro-la-solemnidad-del-corpus-christi-en-louisville","status":"publish","type":"post","link":"https:\/\/catolicos24.com\/?p=253","title":{"rendered":"As\u00ed se celebr\u00f3 la Solemnidad del Corpus Christi en Louisville"},"content":{"rendered":"<p>La comunidad cat\u00f3lica de Louisville celebr\u00f3 el d\u00eda del Corpus Christi, recordando de esta manera la presencia real de Jesucristo en el pan y el vino que se consagra durante la Santa Misa.<\/p>\n<p>La Santa Misa se celebr\u00f3 en la Catedral de la Asunci\u00f3n ubicada en el Downtown de Louisville y fue oficiada por el Arzobispo de la ciudad, Monse\u00f1or, Shelton J Fabre.<\/p>\n<p>Al respecto, el Arzobispo Shelton estuvo acompa\u00f1ado por un gran n\u00famero de sacerdotes, di\u00e1conos y seminaristas. De igual manera, a la Catedral asistieron feligreses provenientes de distintas parroquias que conforman la Arquidi\u00f3cesis.<\/p>\n<p>La solemnidad del Corpus Christi, recuerda que la Iglesia no solo celebra la Eucarist\u00eda, sino que tambi\u00e9n anuncia p\u00fablicamente que el Sacrificio de Cristo, es por la salvaci\u00f3n de todas las personas del mundo entero.<\/p>\n<p>La presencia de Cristo a trav\u00e9s del pan y el vino, ocurre gracias a un cambio que la Iglesia llama transubstanciaci\u00f3n, es justamente en el momento en que el sacerdote, durante la Consagraci\u00f3n en la Misa, dice las palabras que el mismo Cristo pronunci\u00f3 sobre el pan y el vino: \u201cEste es Mi Cuerpo\u201d, \u201cEsta es Mi Sangre\u201d, \u201cHagan esto en memoria M\u00eda\u201d.<\/p>\n<p>La Eucarist\u00eda est\u00e1 estrechamente vinculada con todos los misterios, sin embargo, tiene un significado especial y es el Amor de Jes\u00fas. La Eucarist\u00eda nos revela que el que coma de este pan vivir\u00e1 para siempre.<\/p>\n<p>[Best_Wordpress_Gallery id=\u00bb5&#8243;]<\/p>\n","protected":false},"excerpt":{"rendered":"<p>La comunidad cat\u00f3lica de Louisville celebr\u00f3 el d\u00eda del Corpus Christi, recordando de esta manera la &hellip; <a title=\"As\u00ed se celebr\u00f3 la Solemnidad del Corpus Christi en Louisville\" class=\"hm-read-more\" href=\"https:\/\/catolicos24.com\/?p=253\"><span class=\"screen-reader-text\">As\u00ed se celebr\u00f3 la Solemnidad del Corpus Christi en Louisville<\/span>Leer m\u00e1s<\/a><\/p>\n","protected":false},"author":1,"featured_media":254,"comment_status":"open","ping_status":"open","sticky":false,"template":"","format":"standard","meta":{"footnotes":""},"categories":[4],"tags":[],"class_list":["post-253","post","type-post","status-publish","format-standard","has-post-thumbnail","hentry","category-actualidad"],"_links":{"self":[{"href":"https:\/\/catolicos24.com\/index.php?rest_route=\/wp\/v2\/posts\/253","targetHints":{"allow":["GET"]}}],"collection":[{"href":"https:\/\/catolicos24.com\/index.php?rest_route=\/wp\/v2\/posts"}],"about":[{"href":"https:\/\/catolicos24.com\/index.php?rest_route=\/wp\/v2\/types\/post"}],"author":[{"embeddable":true,"href":"https:\/\/catolicos24.com\/index.php?rest_route=\/wp\/v2\/users\/1"}],"replies":[{"embeddable":true,"href":"https:\/\/catolicos24.com\/index.php?rest_route=%2Fwp%2Fv2%2Fcomments&post=253"}],"version-history":[{"count":5,"href":"https:\/\/catolicos24.com\/index.php?rest_route=\/wp\/v2\/posts\/253\/revisions"}],"predecessor-version":[{"id":281,"href":"https:\/\/catolicos24.com\/index.php?rest_route=\/wp\/v2\/posts\/253\/revisions\/281"}],"wp:featuredmedia":[{"embeddable":true,"href":"https:\/\/catolicos24.com\/index.php?rest_route=\/wp\/v2\/media\/254"}],"wp:attachment":[{"href":"https:\/\/catolicos24.com\/index.php?rest_route=%2Fwp%2Fv2%2Fmedia&parent=253"}],"wp:term":[{"taxonomy":"category","embeddable":true,"href":"https:\/\/catolicos24.com\/index.php?rest_route=%2Fwp%2Fv2%2Fcategories&post=253"},{"taxonomy":"post_tag","embeddable":true,"href":"https:\/\/catolicos24.com\/index.php?rest_route=%2Fwp%2Fv2%2Ftags&post=253"}],"curies":[{"name":"wp","href":"https:\/\/api.w.org\/{rel}","templated":true}]}}